{"id":7138,"date":"2026-09-02T09:40:05","date_gmt":"2026-09-02T09:40:05","guid":{"rendered":"https:\/\/jaso.com\/tower\/?p=7138"},"modified":"2026-09-02T09:40:49","modified_gmt":"2026-09-02T09:40:49","slug":"josu-tornay-comparte-con-act-su-vision-sobre-jaso-tower-cranes-el-sector-de-las-gruas-torre-y-el-factor-humano","status":"publish","type":"post","link":"https:\/\/jaso.com\/tower\/actualidad\/josu-tornay-comparte-con-act-su-vision-sobre-jaso-tower-cranes-el-sector-de-las-gruas-torre-y-el-factor-humano\/","title":{"rendered":"Josu Tornay comparte con ACT su visi\u00f3n sobre JASO Tower Cranes, el sector de las gr\u00faas torre y el factor humano"},"content":{"rendered":"\n<p class=\"wp-block-paragraph\">American Cranes &amp; Transport (ACT) entrevista a Josu Tornay, CEO de JASO Tower Cranes, en una conversaci\u00f3n que recorre la evoluci\u00f3n de la compa\u00f1\u00eda, su presencia internacional y algunos de los principales retos y oportunidades del sector de las gr\u00faas torre.<\/p>\n\n\n\n<p class=\"wp-block-paragraph\">A lo largo de la entrevista, Josu Tornay analiza especialmente la evoluci\u00f3n de JASO Tower Cranes en Norteam\u00e9rica, un mercado en el que la compa\u00f1\u00eda est\u00e1 presente desde hace cerca de 20 a\u00f1os, y aborda cuestiones como el modelo de distribuci\u00f3n, el crecimiento de las gr\u00faas luffing en grandes n\u00facleos urbanos o las nuevas tendencias constructivas. Una visi\u00f3n que completa con la experiencia de JASO Tower Cranes en mercados de todo el mundo y la capacidad de su ingenier\u00eda para responder a entornos y proyectos muy diferentes.<\/p>\n\n\n\n<p class=\"wp-block-paragraph\">Pero la conversaci\u00f3n va m\u00e1s all\u00e1 de mercados y gr\u00faas y pone tambi\u00e9n el foco en una parte esencial de la filosof\u00eda de JASO: la calidad, el servicio y la ingenier\u00eda son fundamentales, pero las relaciones son lo primero. Una forma de entender el negocio basada en construir relaciones a largo plazo con clientes, distribuidores, empleados y proveedores, en la que el factor humano sigue siendo una parte fundamental del ADN de JASO.<\/p>\n\n\n\n<p class=\"wp-block-paragraph\">Lee la entrevista completa <a href=\"https:\/\/www.cranebriefing.com\/news\/the-human-factor-is-critical-josu-tornay\/8129220.article\" data-type=\"link\" data-id=\"https:\/\/www.cranebriefing.com\/news\/the-human-factor-is-critical-josu-tornay\/8129220.article\">aqu\u00ed<\/a>.<\/p>\n","protected":false},"excerpt":{"rendered":"<p>American Cranes &#038; Transport (ACT) entrevista a Josu Tornay, CEO de JASO Tower Cranes, en una conversaci\u00f3n que recorre la evoluci\u00f3n de la compa\u00f1\u00eda, su presencia internacional y algunos de los principales retos y oportunidades del sector de las gr\u00faas torre.<\/p>\n","protected":false},"author":6,"featured_media":7139,"comment_status":"closed","ping_status":"closed","sticky":false,"template":"","format":"standard","meta":{"_acf_changed":false,"footnotes":""},"categories":[1,26],"tags":[],"class_list":["post-7138","post","type-post","status-publish","format-standard","has-post-thumbnail","hentry","category-actualidad","category-noticias"],"acf":[],"yoast_head":"<!-- This site is optimized with the Yoast SEO plugin v28.4 - https:\/\/yoast.com\/product\/yoast-seo-wordpress\/ -->\n<title>American Cranes &amp; Transport (ACT) entrevista a Josu Tornay, CEO de JASO Tower Cranes.<\/title>\n<meta name=\"description\" content=\"Josu Tornay comparte con ACT su visi\u00f3n sobre JASO Tower Cranes, el sector de las gr\u00faas torre y el factor humano.\" \/>\n<meta name=\"robots\" content=\"index, follow, max-snippet:-1, max-image-preview:large, max-video-preview:-1\" \/>\n<link rel=\"canonical\" href=\"https:\/\/jaso.com\/tower\/actualidad\/josu-tornay-comparte-con-act-su-vision-sobre-jaso-tower-cranes-el-sector-de-las-gruas-torre-y-el-factor-humano\/\" \/>\n<meta property=\"og:locale\" content=\"es_ES\" \/>\n<meta property=\"og:type\" content=\"article\" \/>\n<meta property=\"og:title\" content=\"American Cranes &amp; Transport (ACT) entrevista a Josu Tornay, CEO de JASO Tower Cranes.\" \/>\n<meta property=\"og:description\" content=\"Josu Tornay comparte con ACT su visi\u00f3n sobre JASO Tower Cranes, el sector de las gr\u00faas torre y el factor humano.\" \/>\n<meta property=\"og:url\" content=\"https:\/\/jaso.com\/tower\/actualidad\/josu-tornay-comparte-con-act-su-vision-sobre-jaso-tower-cranes-el-sector-de-las-gruas-torre-y-el-factor-humano\/\" \/>\n<meta property=\"og:site_name\" content=\"Fabricante de gr\u00faas torre - JASO Tower Cranes\" \/>\n<meta property=\"article:published_time\" content=\"2026-09-02T09:40:05+00:00\" \/>\n<meta property=\"article:modified_time\" content=\"2026-09-02T09:40:49+00:00\" \/>\n<meta property=\"og:image\" content=\"https:\/\/jaso.com\/tower\/wp-content\/uploads\/2026\/09\/Entrevista_Josu_Tornay.png\" \/>\n\t<meta property=\"og:image:width\" content=\"1394\" \/>\n\t<meta property=\"og:image:height\" content=\"954\" \/>\n\t<meta property=\"og:image:type\" content=\"image\/png\" \/>\n<meta name=\"author\" content=\"Goizeder\" \/>\n<meta name=\"twitter:card\" content=\"summary_large_image\" \/>\n<meta name=\"twitter:label1\" content=\"Escrito por\" \/>\n\t<meta name=\"twitter:data1\" content=\"Goizeder\" \/>\n\t<meta name=\"twitter:label2\" content=\"Tiempo de lectura\" \/>\n\t<meta name=\"twitter:data2\" content=\"1 minuto\" \/>\n<script type=\"application\/ld+json\" class=\"yoast-schema-graph\">{\"@context\":\"https:\\\/\\\/schema.org\",\"@graph\":[{\"@type\":\"Article\",\"@id\":\"https:\\\/\\\/jaso.com\\\/tower\\\/actualidad\\\/josu-tornay-comparte-con-act-su-vision-sobre-jaso-tower-cranes-el-sector-de-las-gruas-torre-y-el-factor-humano\\\/#article\",\"isPartOf\":{\"@id\":\"https:\\\/\\\/jaso.com\\\/tower\\\/actualidad\\\/josu-tornay-comparte-con-act-su-vision-sobre-jaso-tower-cranes-el-sector-de-las-gruas-torre-y-el-factor-humano\\\/\"},\"author\":{\"name\":\"Goizeder\",\"@id\":\"https:\\\/\\\/jaso.com\\\/tower\\\/#\\\/schema\\\/person\\\/44e1d9e3a3c853acff9782b3edef378f\"},\"headline\":\"Josu Tornay comparte con ACT su visi\u00f3n sobre JASO Tower Cranes, el sector de las gr\u00faas torre y el factor humano\",\"datePublished\":\"2026-09-02T09:40:05+00:00\",\"dateModified\":\"2026-09-02T09:40:49+00:00\",\"mainEntityOfPage\":{\"@id\":\"https:\\\/\\\/jaso.com\\\/tower\\\/actualidad\\\/josu-tornay-comparte-con-act-su-vision-sobre-jaso-tower-cranes-el-sector-de-las-gruas-torre-y-el-factor-humano\\\/\"},\"wordCount\":247,\"publisher\":{\"@id\":\"https:\\\/\\\/jaso.com\\\/tower\\\/#organization\"},\"image\":{\"@id\":\"https:\\\/\\\/jaso.com\\\/tower\\\/actualidad\\\/josu-tornay-comparte-con-act-su-vision-sobre-jaso-tower-cranes-el-sector-de-las-gruas-torre-y-el-factor-humano\\\/#primaryimage\"},\"thumbnailUrl\":\"https:\\\/\\\/jaso.com\\\/tower\\\/wp-content\\\/uploads\\\/2026\\\/09\\\/Entrevista_Josu_Tornay.png\",\"articleSection\":[\"Actualidad\",\"Noticias\"],\"inLanguage\":\"es\"},{\"@type\":\"WebPage\",\"@id\":\"https:\\\/\\\/jaso.com\\\/tower\\\/actualidad\\\/josu-tornay-comparte-con-act-su-vision-sobre-jaso-tower-cranes-el-sector-de-las-gruas-torre-y-el-factor-humano\\\/\",\"url\":\"https:\\\/\\\/jaso.com\\\/tower\\\/actualidad\\\/josu-tornay-comparte-con-act-su-vision-sobre-jaso-tower-cranes-el-sector-de-las-gruas-torre-y-el-factor-humano\\\/\",\"name\":\"American Cranes & Transport (ACT) entrevista a Josu Tornay, CEO de JASO Tower Cranes.\",\"isPartOf\":{\"@id\":\"https:\\\/\\\/jaso.com\\\/tower\\\/#website\"},\"primaryImageOfPage\":{\"@id\":\"https:\\\/\\\/jaso.com\\\/tower\\\/actualidad\\\/josu-tornay-comparte-con-act-su-vision-sobre-jaso-tower-cranes-el-sector-de-las-gruas-torre-y-el-factor-humano\\\/#primaryimage\"},\"image\":{\"@id\":\"https:\\\/\\\/jaso.com\\\/tower\\\/actualidad\\\/josu-tornay-comparte-con-act-su-vision-sobre-jaso-tower-cranes-el-sector-de-las-gruas-torre-y-el-factor-humano\\\/#primaryimage\"},\"thumbnailUrl\":\"https:\\\/\\\/jaso.com\\\/tower\\\/wp-content\\\/uploads\\\/2026\\\/09\\\/Entrevista_Josu_Tornay.png\",\"datePublished\":\"2026-09-02T09:40:05+00:00\",\"dateModified\":\"2026-09-02T09:40:49+00:00\",\"description\":\"Josu Tornay comparte con ACT su visi\u00f3n sobre JASO Tower Cranes, el sector de las gr\u00faas torre y el factor humano.\",\"breadcrumb\":{\"@id\":\"https:\\\/\\\/jaso.com\\\/tower\\\/actualidad\\\/josu-tornay-comparte-con-act-su-vision-sobre-jaso-tower-cranes-el-sector-de-las-gruas-torre-y-el-factor-humano\\\/#breadcrumb\"},\"inLanguage\":\"es\",\"potentialAction\":[{\"@type\":\"ReadAction\",\"target\":[\"https:\\\/\\\/jaso.com\\\/tower\\\/actualidad\\\/josu-tornay-comparte-con-act-su-vision-sobre-jaso-tower-cranes-el-sector-de-las-gruas-torre-y-el-factor-humano\\\/\"]}]},{\"@type\":\"ImageObject\",\"inLanguage\":\"es\",\"@id\":\"https:\\\/\\\/jaso.com\\\/tower\\\/actualidad\\\/josu-tornay-comparte-con-act-su-vision-sobre-jaso-tower-cranes-el-sector-de-las-gruas-torre-y-el-factor-humano\\\/#primaryimage\",\"url\":\"https:\\\/\\\/jaso.com\\\/tower\\\/wp-content\\\/uploads\\\/2026\\\/09\\\/Entrevista_Josu_Tornay.png\",\"contentUrl\":\"https:\\\/\\\/jaso.com\\\/tower\\\/wp-content\\\/uploads\\\/2026\\\/09\\\/Entrevista_Josu_Tornay.png\",\"width\":1394,\"height\":954},{\"@type\":\"BreadcrumbList\",\"@id\":\"https:\\\/\\\/jaso.com\\\/tower\\\/actualidad\\\/josu-tornay-comparte-con-act-su-vision-sobre-jaso-tower-cranes-el-sector-de-las-gruas-torre-y-el-factor-humano\\\/#breadcrumb\",\"itemListElement\":[{\"@type\":\"ListItem\",\"position\":1,\"name\":\"Portada\",\"item\":\"https:\\\/\\\/jaso.com\\\/tower\\\/\"},{\"@type\":\"ListItem\",\"position\":2,\"name\":\"Josu Tornay comparte con ACT su visi\u00f3n sobre JASO Tower Cranes, el sector de las gr\u00faas torre y el factor humano\"}]},{\"@type\":\"WebSite\",\"@id\":\"https:\\\/\\\/jaso.com\\\/tower\\\/#website\",\"url\":\"https:\\\/\\\/jaso.com\\\/tower\\\/\",\"name\":\"JASO Tower Cranes - Fabricantes de gr\u00faas torre\",\"description\":\"Fabricamos las gr\u00faas que construyen el mundo. Somos un fabricante referente a nivel global de gr\u00faas torre. Ofrecemos una completa soluci\u00f3n de gr\u00faas torre.\",\"publisher\":{\"@id\":\"https:\\\/\\\/jaso.com\\\/tower\\\/#organization\"},\"alternateName\":\"JASO Tower Cranes\",\"potentialAction\":[{\"@type\":\"SearchAction\",\"target\":{\"@type\":\"EntryPoint\",\"urlTemplate\":\"https:\\\/\\\/jaso.com\\\/tower\\\/?s={search_term_string}\"},\"query-input\":{\"@type\":\"PropertyValueSpecification\",\"valueRequired\":true,\"valueName\":\"search_term_string\"}}],\"inLanguage\":\"es\"},{\"@type\":\"Organization\",\"@id\":\"https:\\\/\\\/jaso.com\\\/tower\\\/#organization\",\"name\":\"JASO Tower Cranes\",\"alternateName\":\"JASO\",\"url\":\"https:\\\/\\\/jaso.com\\\/tower\\\/\",\"logo\":{\"@type\":\"ImageObject\",\"inLanguage\":\"es\",\"@id\":\"https:\\\/\\\/jaso.com\\\/tower\\\/#\\\/schema\\\/logo\\\/image\\\/\",\"url\":\"https:\\\/\\\/jaso.com\\\/tower\\\/wp-content\\\/uploads\\\/2022\\\/10\\\/jaso_torre.png\",\"contentUrl\":\"https:\\\/\\\/jaso.com\\\/tower\\\/wp-content\\\/uploads\\\/2022\\\/10\\\/jaso_torre.png\",\"width\":1200,\"height\":630,\"caption\":\"JASO Tower Cranes\"},\"image\":{\"@id\":\"https:\\\/\\\/jaso.com\\\/tower\\\/#\\\/schema\\\/logo\\\/image\\\/\"}},{\"@type\":\"Person\",\"@id\":\"https:\\\/\\\/jaso.com\\\/tower\\\/#\\\/schema\\\/person\\\/44e1d9e3a3c853acff9782b3edef378f\",\"name\":\"Goizeder\",\"image\":{\"@type\":\"ImageObject\",\"inLanguage\":\"es\",\"@id\":\"https:\\\/\\\/secure.gravatar.com\\\/avatar\\\/7508e49378eb3e49f0a708d10c1f52d2fb974af7a938742d95766d99162f0c0d?s=96&d=mm&r=g\",\"url\":\"https:\\\/\\\/secure.gravatar.com\\\/avatar\\\/7508e49378eb3e49f0a708d10c1f52d2fb974af7a938742d95766d99162f0c0d?s=96&d=mm&r=g\",\"contentUrl\":\"https:\\\/\\\/secure.gravatar.com\\\/avatar\\\/7508e49378eb3e49f0a708d10c1f52d2fb974af7a938742d95766d99162f0c0d?s=96&d=mm&r=g\",\"caption\":\"Goizeder\"}}]}<\/script>\n<!-- \/ Yoast SEO plugin. -->","yoast_head_json":{"title":"American Cranes & Transport (ACT) entrevista a Josu Tornay, CEO de JASO Tower Cranes.","description":"Josu Tornay comparte con ACT su visi\u00f3n sobre JASO Tower Cranes, el sector de las gr\u00faas torre y el factor humano.","robots":{"index":"index","follow":"follow","max-snippet":"max-snippet:-1","max-image-preview":"max-image-preview:large","max-video-preview":"max-video-preview:-1"},"canonical":"https:\/\/jaso.com\/tower\/actualidad\/josu-tornay-comparte-con-act-su-vision-sobre-jaso-tower-cranes-el-sector-de-las-gruas-torre-y-el-factor-humano\/","og_locale":"es_ES","og_type":"article","og_title":"American Cranes & Transport (ACT) entrevista a Josu Tornay, CEO de JASO Tower Cranes.","og_description":"Josu Tornay comparte con ACT su visi\u00f3n sobre JASO Tower Cranes, el sector de las gr\u00faas torre y el factor humano.","og_url":"https:\/\/jaso.com\/tower\/actualidad\/josu-tornay-comparte-con-act-su-vision-sobre-jaso-tower-cranes-el-sector-de-las-gruas-torre-y-el-factor-humano\/","og_site_name":"Fabricante de gr\u00faas torre - JASO Tower Cranes","article_published_time":"2026-09-02T09:40:05+00:00","article_modified_time":"2026-09-02T09:40:49+00:00","og_image":[{"width":1394,"height":954,"url":"https:\/\/jaso.com\/tower\/wp-content\/uploads\/2026\/09\/Entrevista_Josu_Tornay.png","type":"image\/png"}],"author":"Goizeder","twitter_card":"summary_large_image","twitter_misc":{"Escrito por":"Goizeder","Tiempo de lectura":"1 minuto"},"schema":{"@context":"https:\/\/schema.org","@graph":[{"@type":"Article","@id":"https:\/\/jaso.com\/tower\/actualidad\/josu-tornay-comparte-con-act-su-vision-sobre-jaso-tower-cranes-el-sector-de-las-gruas-torre-y-el-factor-humano\/#article","isPartOf":{"@id":"https:\/\/jaso.com\/tower\/actualidad\/josu-tornay-comparte-con-act-su-vision-sobre-jaso-tower-cranes-el-sector-de-las-gruas-torre-y-el-factor-humano\/"},"author":{"name":"Goizeder","@id":"https:\/\/jaso.com\/tower\/#\/schema\/person\/44e1d9e3a3c853acff9782b3edef378f"},"headline":"Josu Tornay comparte con ACT su visi\u00f3n sobre JASO Tower Cranes, el sector de las gr\u00faas torre y el factor humano","datePublished":"2026-09-02T09:40:05+00:00","dateModified":"2026-09-02T09:40:49+00:00","mainEntityOfPage":{"@id":"https:\/\/jaso.com\/tower\/actualidad\/josu-tornay-comparte-con-act-su-vision-sobre-jaso-tower-cranes-el-sector-de-las-gruas-torre-y-el-factor-humano\/"},"wordCount":247,"publisher":{"@id":"https:\/\/jaso.com\/tower\/#organization"},"image":{"@id":"https:\/\/jaso.com\/tower\/actualidad\/josu-tornay-comparte-con-act-su-vision-sobre-jaso-tower-cranes-el-sector-de-las-gruas-torre-y-el-factor-humano\/#primaryimage"},"thumbnailUrl":"https:\/\/jaso.com\/tower\/wp-content\/uploads\/2026\/09\/Entrevista_Josu_Tornay.png","articleSection":["Actualidad","Noticias"],"inLanguage":"es"},{"@type":"WebPage","@id":"https:\/\/jaso.com\/tower\/actualidad\/josu-tornay-comparte-con-act-su-vision-sobre-jaso-tower-cranes-el-sector-de-las-gruas-torre-y-el-factor-humano\/","url":"https:\/\/jaso.com\/tower\/actualidad\/josu-tornay-comparte-con-act-su-vision-sobre-jaso-tower-cranes-el-sector-de-las-gruas-torre-y-el-factor-humano\/","name":"American Cranes & Transport (ACT) entrevista a Josu Tornay, CEO de JASO Tower Cranes.","isPartOf":{"@id":"https:\/\/jaso.com\/tower\/#website"},"primaryImageOfPage":{"@id":"https:\/\/jaso.com\/tower\/actualidad\/josu-tornay-comparte-con-act-su-vision-sobre-jaso-tower-cranes-el-sector-de-las-gruas-torre-y-el-factor-humano\/#primaryimage"},"image":{"@id":"https:\/\/jaso.com\/tower\/actualidad\/josu-tornay-comparte-con-act-su-vision-sobre-jaso-tower-cranes-el-sector-de-las-gruas-torre-y-el-factor-humano\/#primaryimage"},"thumbnailUrl":"https:\/\/jaso.com\/tower\/wp-content\/uploads\/2026\/09\/Entrevista_Josu_Tornay.png","datePublished":"2026-09-02T09:40:05+00:00","dateModified":"2026-09-02T09:40:49+00:00","description":"Josu Tornay comparte con ACT su visi\u00f3n sobre JASO Tower Cranes, el sector de las gr\u00faas torre y el factor humano.","breadcrumb":{"@id":"https:\/\/jaso.com\/tower\/actualidad\/josu-tornay-comparte-con-act-su-vision-sobre-jaso-tower-cranes-el-sector-de-las-gruas-torre-y-el-factor-humano\/#breadcrumb"},"inLanguage":"es","potentialAction":[{"@type":"ReadAction","target":["https:\/\/jaso.com\/tower\/actualidad\/josu-tornay-comparte-con-act-su-vision-sobre-jaso-tower-cranes-el-sector-de-las-gruas-torre-y-el-factor-humano\/"]}]},{"@type":"ImageObject","inLanguage":"es","@id":"https:\/\/jaso.com\/tower\/actualidad\/josu-tornay-comparte-con-act-su-vision-sobre-jaso-tower-cranes-el-sector-de-las-gruas-torre-y-el-factor-humano\/#primaryimage","url":"https:\/\/jaso.com\/tower\/wp-content\/uploads\/2026\/09\/Entrevista_Josu_Tornay.png","contentUrl":"https:\/\/jaso.com\/tower\/wp-content\/uploads\/2026\/09\/Entrevista_Josu_Tornay.png","width":1394,"height":954},{"@type":"BreadcrumbList","@id":"https:\/\/jaso.com\/tower\/actualidad\/josu-tornay-comparte-con-act-su-vision-sobre-jaso-tower-cranes-el-sector-de-las-gruas-torre-y-el-factor-humano\/#breadcrumb","itemListElement":[{"@type":"ListItem","position":1,"name":"Portada","item":"https:\/\/jaso.com\/tower\/"},{"@type":"ListItem","position":2,"name":"Josu Tornay comparte con ACT su visi\u00f3n sobre JASO Tower Cranes, el sector de las gr\u00faas torre y el factor humano"}]},{"@type":"WebSite","@id":"https:\/\/jaso.com\/tower\/#website","url":"https:\/\/jaso.com\/tower\/","name":"JASO Tower Cranes - Fabricantes de gr\u00faas torre","description":"Fabricamos las gr\u00faas que construyen el mundo. Somos un fabricante referente a nivel global de gr\u00faas torre. Ofrecemos una completa soluci\u00f3n de gr\u00faas torre.","publisher":{"@id":"https:\/\/jaso.com\/tower\/#organization"},"alternateName":"JASO Tower Cranes","potentialAction":[{"@type":"SearchAction","target":{"@type":"EntryPoint","urlTemplate":"https:\/\/jaso.com\/tower\/?s={search_term_string}"},"query-input":{"@type":"PropertyValueSpecification","valueRequired":true,"valueName":"search_term_string"}}],"inLanguage":"es"},{"@type":"Organization","@id":"https:\/\/jaso.com\/tower\/#organization","name":"JASO Tower Cranes","alternateName":"JASO","url":"https:\/\/jaso.com\/tower\/","logo":{"@type":"ImageObject","inLanguage":"es","@id":"https:\/\/jaso.com\/tower\/#\/schema\/logo\/image\/","url":"https:\/\/jaso.com\/tower\/wp-content\/uploads\/2022\/10\/jaso_torre.png","contentUrl":"https:\/\/jaso.com\/tower\/wp-content\/uploads\/2022\/10\/jaso_torre.png","width":1200,"height":630,"caption":"JASO Tower Cranes"},"image":{"@id":"https:\/\/jaso.com\/tower\/#\/schema\/logo\/image\/"}},{"@type":"Person","@id":"https:\/\/jaso.com\/tower\/#\/schema\/person\/44e1d9e3a3c853acff9782b3edef378f","name":"Goizeder","image":{"@type":"ImageObject","inLanguage":"es","@id":"https:\/\/secure.gravatar.com\/avatar\/7508e49378eb3e49f0a708d10c1f52d2fb974af7a938742d95766d99162f0c0d?s=96&d=mm&r=g","url":"https:\/\/secure.gravatar.com\/avatar\/7508e49378eb3e49f0a708d10c1f52d2fb974af7a938742d95766d99162f0c0d?s=96&d=mm&r=g","contentUrl":"https:\/\/secure.gravatar.com\/avatar\/7508e49378eb3e49f0a708d10c1f52d2fb974af7a938742d95766d99162f0c0d?s=96&d=mm&r=g","caption":"Goizeder"}}]}},"_links":{"self":[{"href":"https:\/\/jaso.com\/tower\/wp-json\/wp\/v2\/posts\/7138","targetHints":{"allow":["GET"]}}],"collection":[{"href":"https:\/\/jaso.com\/tower\/wp-json\/wp\/v2\/posts"}],"about":[{"href":"https:\/\/jaso.com\/tower\/wp-json\/wp\/v2\/types\/post"}],"author":[{"embeddable":true,"href":"https:\/\/jaso.com\/tower\/wp-json\/wp\/v2\/users\/6"}],"replies":[{"embeddable":true,"href":"https:\/\/jaso.com\/tower\/wp-json\/wp\/v2\/comments?post=7138"}],"version-history":[{"count":2,"href":"https:\/\/jaso.com\/tower\/wp-json\/wp\/v2\/posts\/7138\/revisions"}],"predecessor-version":[{"id":7148,"href":"https:\/\/jaso.com\/tower\/wp-json\/wp\/v2\/posts\/7138\/revisions\/7148"}],"wp:featuredmedia":[{"embeddable":true,"href":"https:\/\/jaso.com\/tower\/wp-json\/wp\/v2\/media\/7139"}],"wp:attachment":[{"href":"https:\/\/jaso.com\/tower\/wp-json\/wp\/v2\/media?parent=7138"}],"wp:term":[{"taxonomy":"category","embeddable":true,"href":"https:\/\/jaso.com\/tower\/wp-json\/wp\/v2\/categories?post=7138"},{"taxonomy":"post_tag","embeddable":true,"href":"https:\/\/jaso.com\/tower\/wp-json\/wp\/v2\/tags?post=7138"}],"curies":[{"name":"wp","href":"https:\/\/api.w.org\/{rel}","templated":true}]}}