{"id":3423,"date":"2023-11-15T11:47:26","date_gmt":"2023-11-15T11:47:26","guid":{"rendered":"https:\/\/jaso.com\/tower\/?p=3423"},"modified":"2024-05-02T10:19:35","modified_gmt":"2024-05-02T10:19:35","slug":"jaso-tower-cranes-2023","status":"publish","type":"post","link":"https:\/\/jaso.com\/tower\/fr\/nouvelles\/jaso-tower-cranes-2023\/","title":{"rendered":"Les grues \u00e0 tour JASO \u00e0 EXCON 2023"},"content":{"rendered":"\n<h5 class=\"wp-block-heading\">Nous sommes ravis d&rsquo;annoncer notre premi\u00e8re participation \u00e0 EXCON 2023, la plus grande exposition de machines en Asie du Sud. JASO Tower Cranes y pr\u00e9sentera pour la toute premi\u00e8re fois sa gamme \u00e9tendue de grues \u00e0 tour adapt\u00e9es \u00e0 ce march\u00e9 dynamique.<\/h5>\n\n\n\n<p>Conscients de l&rsquo;important potentiel du march\u00e9 sud-asiatique, en particulier dans des pays comme l&rsquo;Inde, connus pour la croissance de leur secteur des infrastructures, nous sommes ravis de participer en tant qu&rsquo;exposants du 12 au 16 d\u00e9cembre \u00e0 Bangalore. Notre stand, OD122 (Green Lot Outdoor), sera anim\u00e9 par notre directeur, Josu Tornay, et notre directeur commercial, Jorge Lucas. Nous invitons les participants \u00e0 se joindre \u00e0 nous et \u00e0 d\u00e9couvrir l&rsquo;un des mod\u00e8les classiques de JASO, g\u00e9n\u00e9reusement fourni par SAI INFRA Equipment pour l&rsquo;occasion<\/p>\n\n\n\n<p>Malgr\u00e9 notre exp\u00e9rience substantielle sur ce march\u00e9, nos d\u00e9buts \u00e0 EXCON 2023 visent \u00e0 forger de nouvelles connexions avec les professionnels du secteur. Nous souhaitons pr\u00e9senter notre large gamme de grues \u00e0 tour polyvalentes, de haute qualit\u00e9 et durables. Nous sommes notamment r\u00e9put\u00e9s pour nos d\u00e9lais de livraison record et l&rsquo;optimisation de la logistique de transport mondiale, offrant des solutions compl\u00e8tes, flexibles et rentables.<\/p>\n\n\n\n<p>Nous sommes convaincus que nos grues \u00e0 tour joueront un r\u00f4le essentiel dans l&rsquo;avancement des grands projets de construction en Asie du Sud.<\/p>\n\n\n\n<p>Si vous pr\u00e9voyez d&rsquo;assister \u00e0 EXCON 2023, nous vous encourageons \u00e0 visiter notre stand \u00e0 OD122. Nous sommes impatients de vous accueillir et de discuter de la fa\u00e7on dont les grues \u00e0 tour JASO peuvent contribuer \u00e0 la r\u00e9ussite de vos projets.<\/p>\n","protected":false},"excerpt":{"rendered":"<p>Nous sommes ravis d&rsquo;annoncer notre premi\u00e8re participation \u00e0 EXCON 2023, la plus grande exposition de machines en Asie du Sud. JASO Tower Cranes y pr\u00e9sentera pour la toute premi\u00e8re fois sa gamme \u00e9tendue de grues \u00e0 tour adapt\u00e9es \u00e0 ce march\u00e9 dynamique. Conscients de l&rsquo;important potentiel du march\u00e9 sud-asiatique, en particulier dans des pays comme [&hellip;]<\/p>\n","protected":false},"author":9,"featured_media":3439,"comment_status":"closed","ping_status":"closed","sticky":false,"template":"","format":"standard","meta":{"_acf_changed":false,"footnotes":""},"categories":[16,48],"tags":[],"class_list":["post-3423","post","type-post","status-publish","format-standard","has-post-thumbnail","hentry","category-nouvelles","category-agenda-fr"],"acf":[],"yoast_head":"<!-- This site is optimized with the Yoast SEO plugin v27.4 - https:\/\/yoast.com\/product\/yoast-seo-wordpress\/ -->\n<title>Les grues \u00e0 tour JASO \u00e0 EXCON 2023<\/title>\n<meta name=\"description\" content=\"JASO Tower Cranes y pr\u00e9sentera pour la toute premi\u00e8re fois sa gamme \u00e9tendue de grues \u00e0 tour adapt\u00e9es \u00e0 ce march\u00e9 dynamique.\" \/>\n<meta name=\"robots\" content=\"index, follow, max-snippet:-1, max-image-preview:large, max-video-preview:-1\" \/>\n<link rel=\"canonical\" href=\"https:\/\/jaso.com\/tower\/fr\/nouvelles\/jaso-tower-cranes-2023\/\" \/>\n<meta property=\"og:locale\" content=\"fr_FR\" \/>\n<meta property=\"og:type\" content=\"article\" \/>\n<meta property=\"og:title\" content=\"Les grues \u00e0 tour JASO \u00e0 EXCON 2023\" \/>\n<meta property=\"og:description\" content=\"JASO Tower Cranes y pr\u00e9sentera pour la toute premi\u00e8re fois sa gamme \u00e9tendue de grues \u00e0 tour adapt\u00e9es \u00e0 ce march\u00e9 dynamique.\" \/>\n<meta property=\"og:url\" content=\"https:\/\/jaso.com\/tower\/fr\/nouvelles\/jaso-tower-cranes-2023\/\" \/>\n<meta property=\"og:site_name\" content=\"Fabricant de grues \u00e0 tour - JASO Tower Cranes\" \/>\n<meta property=\"article:published_time\" content=\"2023-11-15T11:47:26+00:00\" \/>\n<meta property=\"article:modified_time\" content=\"2024-05-02T10:19:35+00:00\" \/>\n<meta property=\"og:image\" content=\"https:\/\/jaso.com\/tower\/wp-content\/uploads\/2023\/11\/excon-2023-jasotower-1.jpg\" \/>\n\t<meta property=\"og:image:width\" content=\"1000\" \/>\n\t<meta property=\"og:image:height\" content=\"556\" \/>\n\t<meta property=\"og:image:type\" content=\"image\/jpeg\" \/>\n<meta name=\"author\" content=\"andreagarcia\" \/>\n<meta name=\"twitter:card\" content=\"summary_large_image\" \/>\n<meta name=\"twitter:label1\" content=\"\u00c9crit par\" \/>\n\t<meta name=\"twitter:data1\" content=\"andreagarcia\" \/>\n\t<meta name=\"twitter:label2\" content=\"Dur\u00e9e de lecture estim\u00e9e\" \/>\n\t<meta name=\"twitter:data2\" content=\"1 minute\" \/>\n<script type=\"application\/ld+json\" class=\"yoast-schema-graph\">{\"@context\":\"https:\\\/\\\/schema.org\",\"@graph\":[{\"@type\":\"Article\",\"@id\":\"https:\\\/\\\/jaso.com\\\/tower\\\/fr\\\/nouvelles\\\/jaso-tower-cranes-2023\\\/#article\",\"isPartOf\":{\"@id\":\"https:\\\/\\\/jaso.com\\\/tower\\\/fr\\\/nouvelles\\\/jaso-tower-cranes-2023\\\/\"},\"author\":{\"name\":\"andreagarcia\",\"@id\":\"https:\\\/\\\/jaso.com\\\/tower\\\/#\\\/schema\\\/person\\\/86b168fa8249ffa340d725f72acfc793\"},\"headline\":\"Les grues \u00e0 tour JASO \u00e0 EXCON 2023\",\"datePublished\":\"2023-11-15T11:47:26+00:00\",\"dateModified\":\"2024-05-02T10:19:35+00:00\",\"mainEntityOfPage\":{\"@id\":\"https:\\\/\\\/jaso.com\\\/tower\\\/fr\\\/nouvelles\\\/jaso-tower-cranes-2023\\\/\"},\"wordCount\":258,\"publisher\":{\"@id\":\"https:\\\/\\\/jaso.com\\\/tower\\\/#organization\"},\"image\":{\"@id\":\"https:\\\/\\\/jaso.com\\\/tower\\\/fr\\\/nouvelles\\\/jaso-tower-cranes-2023\\\/#primaryimage\"},\"thumbnailUrl\":\"https:\\\/\\\/jaso.com\\\/tower\\\/wp-content\\\/uploads\\\/2023\\\/11\\\/excon-2023-jasotower-1.jpg\",\"articleSection\":[\"Nouvelles\",\"Agenda\"],\"inLanguage\":\"fr-FR\"},{\"@type\":\"WebPage\",\"@id\":\"https:\\\/\\\/jaso.com\\\/tower\\\/fr\\\/nouvelles\\\/jaso-tower-cranes-2023\\\/\",\"url\":\"https:\\\/\\\/jaso.com\\\/tower\\\/fr\\\/nouvelles\\\/jaso-tower-cranes-2023\\\/\",\"name\":\"Les grues \u00e0 tour JASO \u00e0 EXCON 2023\",\"isPartOf\":{\"@id\":\"https:\\\/\\\/jaso.com\\\/tower\\\/#website\"},\"primaryImageOfPage\":{\"@id\":\"https:\\\/\\\/jaso.com\\\/tower\\\/fr\\\/nouvelles\\\/jaso-tower-cranes-2023\\\/#primaryimage\"},\"image\":{\"@id\":\"https:\\\/\\\/jaso.com\\\/tower\\\/fr\\\/nouvelles\\\/jaso-tower-cranes-2023\\\/#primaryimage\"},\"thumbnailUrl\":\"https:\\\/\\\/jaso.com\\\/tower\\\/wp-content\\\/uploads\\\/2023\\\/11\\\/excon-2023-jasotower-1.jpg\",\"datePublished\":\"2023-11-15T11:47:26+00:00\",\"dateModified\":\"2024-05-02T10:19:35+00:00\",\"description\":\"JASO Tower Cranes y pr\u00e9sentera pour la toute premi\u00e8re fois sa gamme \u00e9tendue de grues \u00e0 tour adapt\u00e9es \u00e0 ce march\u00e9 dynamique.\",\"breadcrumb\":{\"@id\":\"https:\\\/\\\/jaso.com\\\/tower\\\/fr\\\/nouvelles\\\/jaso-tower-cranes-2023\\\/#breadcrumb\"},\"inLanguage\":\"fr-FR\",\"potentialAction\":[{\"@type\":\"ReadAction\",\"target\":[\"https:\\\/\\\/jaso.com\\\/tower\\\/fr\\\/nouvelles\\\/jaso-tower-cranes-2023\\\/\"]}]},{\"@type\":\"ImageObject\",\"inLanguage\":\"fr-FR\",\"@id\":\"https:\\\/\\\/jaso.com\\\/tower\\\/fr\\\/nouvelles\\\/jaso-tower-cranes-2023\\\/#primaryimage\",\"url\":\"https:\\\/\\\/jaso.com\\\/tower\\\/wp-content\\\/uploads\\\/2023\\\/11\\\/excon-2023-jasotower-1.jpg\",\"contentUrl\":\"https:\\\/\\\/jaso.com\\\/tower\\\/wp-content\\\/uploads\\\/2023\\\/11\\\/excon-2023-jasotower-1.jpg\",\"width\":1000,\"height\":556,\"caption\":\"Excon 2023 JASO Tower Cranes\"},{\"@type\":\"BreadcrumbList\",\"@id\":\"https:\\\/\\\/jaso.com\\\/tower\\\/fr\\\/nouvelles\\\/jaso-tower-cranes-2023\\\/#breadcrumb\",\"itemListElement\":[{\"@type\":\"ListItem\",\"position\":1,\"name\":\"Portada\",\"item\":\"https:\\\/\\\/jaso.com\\\/tower\\\/fr\\\/\"},{\"@type\":\"ListItem\",\"position\":2,\"name\":\"Les grues \u00e0 tour JASO \u00e0 EXCON 2023\"}]},{\"@type\":\"WebSite\",\"@id\":\"https:\\\/\\\/jaso.com\\\/tower\\\/#website\",\"url\":\"https:\\\/\\\/jaso.com\\\/tower\\\/\",\"name\":\"JASO Tower Cranes - Fabricantes de gr\u00faas torre\",\"description\":\"Nous fabriquons les grues qui construisent le monde. Nous sommes un fabricant de grues \u00e0 tour de r\u00e9f\u00e9rence mondiale. Nous proposons une solution compl\u00e8te de grues \u00e0 tour.\",\"publisher\":{\"@id\":\"https:\\\/\\\/jaso.com\\\/tower\\\/#organization\"},\"alternateName\":\"JASO Tower Cranes\",\"potentialAction\":[{\"@type\":\"SearchAction\",\"target\":{\"@type\":\"EntryPoint\",\"urlTemplate\":\"https:\\\/\\\/jaso.com\\\/tower\\\/?s={search_term_string}\"},\"query-input\":{\"@type\":\"PropertyValueSpecification\",\"valueRequired\":true,\"valueName\":\"search_term_string\"}}],\"inLanguage\":\"fr-FR\"},{\"@type\":\"Organization\",\"@id\":\"https:\\\/\\\/jaso.com\\\/tower\\\/#organization\",\"name\":\"JASO Tower Cranes\",\"alternateName\":\"JASO\",\"url\":\"https:\\\/\\\/jaso.com\\\/tower\\\/\",\"logo\":{\"@type\":\"ImageObject\",\"inLanguage\":\"fr-FR\",\"@id\":\"https:\\\/\\\/jaso.com\\\/tower\\\/#\\\/schema\\\/logo\\\/image\\\/\",\"url\":\"https:\\\/\\\/jaso.com\\\/tower\\\/wp-content\\\/uploads\\\/2022\\\/10\\\/jaso_torre.png\",\"contentUrl\":\"https:\\\/\\\/jaso.com\\\/tower\\\/wp-content\\\/uploads\\\/2022\\\/10\\\/jaso_torre.png\",\"width\":1200,\"height\":630,\"caption\":\"JASO Tower Cranes\"},\"image\":{\"@id\":\"https:\\\/\\\/jaso.com\\\/tower\\\/#\\\/schema\\\/logo\\\/image\\\/\"}},{\"@type\":\"Person\",\"@id\":\"https:\\\/\\\/jaso.com\\\/tower\\\/#\\\/schema\\\/person\\\/86b168fa8249ffa340d725f72acfc793\",\"name\":\"andreagarcia\",\"image\":{\"@type\":\"ImageObject\",\"inLanguage\":\"fr-FR\",\"@id\":\"https:\\\/\\\/secure.gravatar.com\\\/avatar\\\/65e4f45bdf3350aa3b55bcce6aaf9da6776ee2e9f9a05ef1d373564e4b3504b4?s=96&d=mm&r=g\",\"url\":\"https:\\\/\\\/secure.gravatar.com\\\/avatar\\\/65e4f45bdf3350aa3b55bcce6aaf9da6776ee2e9f9a05ef1d373564e4b3504b4?s=96&d=mm&r=g\",\"contentUrl\":\"https:\\\/\\\/secure.gravatar.com\\\/avatar\\\/65e4f45bdf3350aa3b55bcce6aaf9da6776ee2e9f9a05ef1d373564e4b3504b4?s=96&d=mm&r=g\",\"caption\":\"andreagarcia\"}}]}<\/script>\n<!-- \/ Yoast SEO plugin. -->","yoast_head_json":{"title":"Les grues \u00e0 tour JASO \u00e0 EXCON 2023","description":"JASO Tower Cranes y pr\u00e9sentera pour la toute premi\u00e8re fois sa gamme \u00e9tendue de grues \u00e0 tour adapt\u00e9es \u00e0 ce march\u00e9 dynamique.","robots":{"index":"index","follow":"follow","max-snippet":"max-snippet:-1","max-image-preview":"max-image-preview:large","max-video-preview":"max-video-preview:-1"},"canonical":"https:\/\/jaso.com\/tower\/fr\/nouvelles\/jaso-tower-cranes-2023\/","og_locale":"fr_FR","og_type":"article","og_title":"Les grues \u00e0 tour JASO \u00e0 EXCON 2023","og_description":"JASO Tower Cranes y pr\u00e9sentera pour la toute premi\u00e8re fois sa gamme \u00e9tendue de grues \u00e0 tour adapt\u00e9es \u00e0 ce march\u00e9 dynamique.","og_url":"https:\/\/jaso.com\/tower\/fr\/nouvelles\/jaso-tower-cranes-2023\/","og_site_name":"Fabricant de grues \u00e0 tour - JASO Tower Cranes","article_published_time":"2023-11-15T11:47:26+00:00","article_modified_time":"2024-05-02T10:19:35+00:00","og_image":[{"width":1000,"height":556,"url":"https:\/\/jaso.com\/tower\/wp-content\/uploads\/2023\/11\/excon-2023-jasotower-1.jpg","type":"image\/jpeg"}],"author":"andreagarcia","twitter_card":"summary_large_image","twitter_misc":{"\u00c9crit par":"andreagarcia","Dur\u00e9e de lecture estim\u00e9e":"1 minute"},"schema":{"@context":"https:\/\/schema.org","@graph":[{"@type":"Article","@id":"https:\/\/jaso.com\/tower\/fr\/nouvelles\/jaso-tower-cranes-2023\/#article","isPartOf":{"@id":"https:\/\/jaso.com\/tower\/fr\/nouvelles\/jaso-tower-cranes-2023\/"},"author":{"name":"andreagarcia","@id":"https:\/\/jaso.com\/tower\/#\/schema\/person\/86b168fa8249ffa340d725f72acfc793"},"headline":"Les grues \u00e0 tour JASO \u00e0 EXCON 2023","datePublished":"2023-11-15T11:47:26+00:00","dateModified":"2024-05-02T10:19:35+00:00","mainEntityOfPage":{"@id":"https:\/\/jaso.com\/tower\/fr\/nouvelles\/jaso-tower-cranes-2023\/"},"wordCount":258,"publisher":{"@id":"https:\/\/jaso.com\/tower\/#organization"},"image":{"@id":"https:\/\/jaso.com\/tower\/fr\/nouvelles\/jaso-tower-cranes-2023\/#primaryimage"},"thumbnailUrl":"https:\/\/jaso.com\/tower\/wp-content\/uploads\/2023\/11\/excon-2023-jasotower-1.jpg","articleSection":["Nouvelles","Agenda"],"inLanguage":"fr-FR"},{"@type":"WebPage","@id":"https:\/\/jaso.com\/tower\/fr\/nouvelles\/jaso-tower-cranes-2023\/","url":"https:\/\/jaso.com\/tower\/fr\/nouvelles\/jaso-tower-cranes-2023\/","name":"Les grues \u00e0 tour JASO \u00e0 EXCON 2023","isPartOf":{"@id":"https:\/\/jaso.com\/tower\/#website"},"primaryImageOfPage":{"@id":"https:\/\/jaso.com\/tower\/fr\/nouvelles\/jaso-tower-cranes-2023\/#primaryimage"},"image":{"@id":"https:\/\/jaso.com\/tower\/fr\/nouvelles\/jaso-tower-cranes-2023\/#primaryimage"},"thumbnailUrl":"https:\/\/jaso.com\/tower\/wp-content\/uploads\/2023\/11\/excon-2023-jasotower-1.jpg","datePublished":"2023-11-15T11:47:26+00:00","dateModified":"2024-05-02T10:19:35+00:00","description":"JASO Tower Cranes y pr\u00e9sentera pour la toute premi\u00e8re fois sa gamme \u00e9tendue de grues \u00e0 tour adapt\u00e9es \u00e0 ce march\u00e9 dynamique.","breadcrumb":{"@id":"https:\/\/jaso.com\/tower\/fr\/nouvelles\/jaso-tower-cranes-2023\/#breadcrumb"},"inLanguage":"fr-FR","potentialAction":[{"@type":"ReadAction","target":["https:\/\/jaso.com\/tower\/fr\/nouvelles\/jaso-tower-cranes-2023\/"]}]},{"@type":"ImageObject","inLanguage":"fr-FR","@id":"https:\/\/jaso.com\/tower\/fr\/nouvelles\/jaso-tower-cranes-2023\/#primaryimage","url":"https:\/\/jaso.com\/tower\/wp-content\/uploads\/2023\/11\/excon-2023-jasotower-1.jpg","contentUrl":"https:\/\/jaso.com\/tower\/wp-content\/uploads\/2023\/11\/excon-2023-jasotower-1.jpg","width":1000,"height":556,"caption":"Excon 2023 JASO Tower Cranes"},{"@type":"BreadcrumbList","@id":"https:\/\/jaso.com\/tower\/fr\/nouvelles\/jaso-tower-cranes-2023\/#breadcrumb","itemListElement":[{"@type":"ListItem","position":1,"name":"Portada","item":"https:\/\/jaso.com\/tower\/fr\/"},{"@type":"ListItem","position":2,"name":"Les grues \u00e0 tour JASO \u00e0 EXCON 2023"}]},{"@type":"WebSite","@id":"https:\/\/jaso.com\/tower\/#website","url":"https:\/\/jaso.com\/tower\/","name":"JASO Tower Cranes - Fabricantes de gr\u00faas torre","description":"Nous fabriquons les grues qui construisent le monde. Nous sommes un fabricant de grues \u00e0 tour de r\u00e9f\u00e9rence mondiale. Nous proposons une solution compl\u00e8te de grues \u00e0 tour.","publisher":{"@id":"https:\/\/jaso.com\/tower\/#organization"},"alternateName":"JASO Tower Cranes","potentialAction":[{"@type":"SearchAction","target":{"@type":"EntryPoint","urlTemplate":"https:\/\/jaso.com\/tower\/?s={search_term_string}"},"query-input":{"@type":"PropertyValueSpecification","valueRequired":true,"valueName":"search_term_string"}}],"inLanguage":"fr-FR"},{"@type":"Organization","@id":"https:\/\/jaso.com\/tower\/#organization","name":"JASO Tower Cranes","alternateName":"JASO","url":"https:\/\/jaso.com\/tower\/","logo":{"@type":"ImageObject","inLanguage":"fr-FR","@id":"https:\/\/jaso.com\/tower\/#\/schema\/logo\/image\/","url":"https:\/\/jaso.com\/tower\/wp-content\/uploads\/2022\/10\/jaso_torre.png","contentUrl":"https:\/\/jaso.com\/tower\/wp-content\/uploads\/2022\/10\/jaso_torre.png","width":1200,"height":630,"caption":"JASO Tower Cranes"},"image":{"@id":"https:\/\/jaso.com\/tower\/#\/schema\/logo\/image\/"}},{"@type":"Person","@id":"https:\/\/jaso.com\/tower\/#\/schema\/person\/86b168fa8249ffa340d725f72acfc793","name":"andreagarcia","image":{"@type":"ImageObject","inLanguage":"fr-FR","@id":"https:\/\/secure.gravatar.com\/avatar\/65e4f45bdf3350aa3b55bcce6aaf9da6776ee2e9f9a05ef1d373564e4b3504b4?s=96&d=mm&r=g","url":"https:\/\/secure.gravatar.com\/avatar\/65e4f45bdf3350aa3b55bcce6aaf9da6776ee2e9f9a05ef1d373564e4b3504b4?s=96&d=mm&r=g","contentUrl":"https:\/\/secure.gravatar.com\/avatar\/65e4f45bdf3350aa3b55bcce6aaf9da6776ee2e9f9a05ef1d373564e4b3504b4?s=96&d=mm&r=g","caption":"andreagarcia"}}]}},"_links":{"self":[{"href":"https:\/\/jaso.com\/tower\/fr\/wp-json\/wp\/v2\/posts\/3423","targetHints":{"allow":["GET"]}}],"collection":[{"href":"https:\/\/jaso.com\/tower\/fr\/wp-json\/wp\/v2\/posts"}],"about":[{"href":"https:\/\/jaso.com\/tower\/fr\/wp-json\/wp\/v2\/types\/post"}],"author":[{"embeddable":true,"href":"https:\/\/jaso.com\/tower\/fr\/wp-json\/wp\/v2\/users\/9"}],"replies":[{"embeddable":true,"href":"https:\/\/jaso.com\/tower\/fr\/wp-json\/wp\/v2\/comments?post=3423"}],"version-history":[{"count":1,"href":"https:\/\/jaso.com\/tower\/fr\/wp-json\/wp\/v2\/posts\/3423\/revisions"}],"predecessor-version":[{"id":3424,"href":"https:\/\/jaso.com\/tower\/fr\/wp-json\/wp\/v2\/posts\/3423\/revisions\/3424"}],"wp:featuredmedia":[{"embeddable":true,"href":"https:\/\/jaso.com\/tower\/fr\/wp-json\/wp\/v2\/media\/3439"}],"wp:attachment":[{"href":"https:\/\/jaso.com\/tower\/fr\/wp-json\/wp\/v2\/media?parent=3423"}],"wp:term":[{"taxonomy":"category","embeddable":true,"href":"https:\/\/jaso.com\/tower\/fr\/wp-json\/wp\/v2\/categories?post=3423"},{"taxonomy":"post_tag","embeddable":true,"href":"https:\/\/jaso.com\/tower\/fr\/wp-json\/wp\/v2\/tags?post=3423"}],"curies":[{"name":"wp","href":"https:\/\/api.w.org\/{rel}","templated":true}]}}