{"id":4409,"date":"2023-12-04T06:58:40","date_gmt":"2023-12-04T06:58:40","guid":{"rendered":"https:\/\/jaso.com\/elevation\/?p=4409"},"modified":"2026-02-23T12:20:16","modified_gmt":"2026-02-23T12:20:16","slug":"jaso-elevation-systems-en-el-congreso-internacional-de-energia-eolica-rewind-2022","status":"publish","type":"post","link":"https:\/\/jaso.com\/elevation\/actualidad\/jaso-elevation-systems-en-el-congreso-internacional-de-energia-eolica-rewind-2022\/","title":{"rendered":"JASO Elevation Systems en el Congreso Internacional de Energ\u00eda E\u00f3lica RE:Wind 2022"},"content":{"rendered":"\n<h5 class=\"wp-block-heading\">El pasado 7 y 8 de noviembre participamos en RE:Wind 2022, un congreso que re\u00fane a los agentes m\u00e1s importantes del sector e\u00f3lico para debatir sobre el potencial futuro del mercado de las energ\u00edas limpias.<\/h5>\n\n\n\n<p>Os dejamos la entrevista que le hicieron a Jorge Lucas, nuestro Sales Manager:<\/p>\n\n\n\n<p><strong>\u00bfQu\u00e9 soluciones aporta JASO Elevation Systems a la industria e\u00f3lica?<\/strong><\/p>\n\n\n\n<p>Somos una empresa que aporta soluciones a los retos de elevaci\u00f3n de la industria e\u00f3lica. Estamos comprometidos con el dise\u00f1o, la fabricaci\u00f3n y el servicio posventa.<\/p>\n\n\n\n<p><strong>\u00bfC\u00f3mo responde su empresa a las exigencias del mercado e\u00f3lico?<\/strong><\/p>\n\n\n\n<p>Desde JASO Elevation Systems entendemos que este mercado es m\u00e1s exigente en cuanto a fiabilidad, durabilidad y seguridad. Por ejemplo, se nos exige que cumplamos con varias normas en t\u00e9rminos de funcionalidad y de seguridad. Tambi\u00e9n es importante ofrecer soluciones que ayuden a mejorar el retorno de la inversi\u00f3n, reducir el mantenimiento y mejorar la seguridad.<\/p>\n\n\n\n<p>En JASO hemos estado pensando en todos estos puntos y hemos desarrollado sistemas que tienden a responder a todas estas preguntas. Por ejemplo, sabemos que existen diferentes soluciones basadas en el pi\u00f1\u00f3n cremallera, guiado por cable\/escalera o en la asistencia para las soluciones de elevaci\u00f3n para la industria e\u00f3lica. En JASO estamos orgullosos de poder decir que ofrecemos todas ellas.<\/p>\n\n\n\n<p><strong>\u00bfPodr\u00eda hablarnos m\u00e1s sobre las soluciones de elevaci\u00f3n de su empresa?<\/strong><\/p>\n\n\n\n<p>Digamos que si est\u00e1s construyendo tu torre, con nuestros elevadores puedes empezar a trabajar desde el nivel cero. Esto significa que durante todo el proceso se utilizar\u00e1 el elevador para ayudar a trasladar materiales o personas a cada nivel de la construcci\u00f3n. Esto hace que se reduzca mucho su tiempo.<\/p>\n\n\n\n<p>Tambi\u00e9n puedes trabajar desde la parte superior del elevador con total seguridad y control.<\/p>\n\n\n\n<p>Adem\u00e1s, una vez construida la torre, puedes utilizar el elevador para el mantenimiento de los mismos. Justamente es importante mencionar que nuestros elevadores no exigen tareas de mantenimiento. \u00bfPor qu\u00e9? Porque el sistema Rack &amp; Pinion y el elevador, una vez montado y ajustado, duran toda la vida de la torre, por lo que no es necesario cambiar piezas ni hacer reajustes.<\/p>\n\n\n\n<p>Esto hace que disminuyan los costes de la operaci\u00f3n, se reduzca el mantenimiento y por tanto, el retorno de inversi\u00f3n sea m\u00e1s r\u00e1pido.<\/p>\n\n\n\n<p><strong>\u00bfC\u00f3mo ayudan sus soluciones a las empresas e\u00f3licas?<\/strong><\/p>\n\n\n\n<p>JASO es capaz de adaptar sus soluciones para aportar fiabilidad, rentabilidad y confianza. Nuestros clientes podr\u00e1n aprovechar los costes econ\u00f3micos y de explotaci\u00f3n durante la vida \u00fatil de su torre.<\/p>\n\n\n\n<p><strong>\u00bfQu\u00e9 opina de RE:Wind 2022?<\/strong><\/p>\n\n\n\n<p>Estoy impresionado porque a pesar de ser la primera edici\u00f3n, el n\u00famero de asistentes es bastante elevado. Adem\u00e1s, estoy muy orgulloso de que JASO Elevation Systems forme parte de este evento.<\/p>\n\n\n\n<p>Es un gran encuentro para compartir ideas para el desarrollo del sector e\u00f3lico, tal y como ha quedado demostrado esta ma\u00f1ana con las ponencias, muy interesantes todas ellas.<\/p>\n\n\n\n<p>Otro punto positivo que veo es la forma en la que se ha preparado este evento, con la posibilidad de ofrecer reuniones durante todo el congreso. De esta forma, se facilita el contacto entre nuevos partners.<\/p>\n\n\n\n<p>A\u00f1adir especial agradecimiento a la organizaci\u00f3n del congreso que ha sido de gran ayuda para todos los asistentes.<\/p>\n\n\n\n<p><\/p>\n","protected":false},"excerpt":{"rendered":"<p>El pasado 7 y 8 de noviembre participamos en RE:Wind 2022, un congreso que re\u00fane a los agentes m\u00e1s importantes del sector e\u00f3lico para debatir sobre el potencial futuro del mercado de las energ\u00edas limpias. Os dejamos la entrevista que le hicieron a Jorge Lucas, nuestro Sales Manager: \u00bfQu\u00e9 soluciones aporta JASO Elevation Systems a [&hellip;]<\/p>\n","protected":false},"author":12,"featured_media":4406,"comment_status":"closed","ping_status":"closed","sticky":false,"template":"","format":"standard","meta":{"_acf_changed":false,"footnotes":""},"categories":[138,1],"tags":[],"class_list":["post-4409","post","type-post","status-publish","format-standard","has-post-thumbnail","hentry","category-eolico","category-actualidad"],"acf":[],"yoast_head":"<!-- This site is optimized with the Yoast SEO plugin v27.5 - https:\/\/yoast.com\/product\/yoast-seo-wordpress\/ -->\n<title>JASO Elevation Systems en el Congreso Internacional de Energ\u00eda E\u00f3lica RE:Wind 2022 - Fabricante de sistemas de elevaci\u00f3n - JASO Elevation Systems<\/title>\n<meta name=\"robots\" content=\"index, follow, max-snippet:-1, max-image-preview:large, max-video-preview:-1\" \/>\n<link rel=\"canonical\" href=\"https:\/\/jaso.com\/elevation\/actualidad\/jaso-elevation-systems-en-el-congreso-internacional-de-energia-eolica-rewind-2022\/\" \/>\n<meta property=\"og:locale\" content=\"es_ES\" \/>\n<meta property=\"og:type\" content=\"article\" \/>\n<meta property=\"og:title\" content=\"JASO Elevation Systems en el Congreso Internacional de Energ\u00eda E\u00f3lica RE:Wind 2022 - Fabricante de sistemas de elevaci\u00f3n - JASO Elevation Systems\" \/>\n<meta property=\"og:description\" content=\"El pasado 7 y 8 de noviembre participamos en RE:Wind 2022, un congreso que re\u00fane a los agentes m\u00e1s importantes del sector e\u00f3lico para debatir sobre el potencial futuro del mercado de las energ\u00edas limpias. Os dejamos la entrevista que le hicieron a Jorge Lucas, nuestro Sales Manager: \u00bfQu\u00e9 soluciones aporta JASO Elevation Systems a [&hellip;]\" \/>\n<meta property=\"og:url\" content=\"https:\/\/jaso.com\/elevation\/actualidad\/jaso-elevation-systems-en-el-congreso-internacional-de-energia-eolica-rewind-2022\/\" \/>\n<meta property=\"og:site_name\" content=\"Fabricante de sistemas de elevaci\u00f3n - JASO Elevation Systems\" \/>\n<meta property=\"article:published_time\" content=\"2023-12-04T06:58:40+00:00\" \/>\n<meta property=\"article:modified_time\" content=\"2026-02-23T12:20:16+00:00\" \/>\n<meta property=\"og:image\" content=\"https:\/\/jaso.com\/elevation\/wp-content\/uploads\/2023\/12\/unnamed-1.jpg\" \/>\n\t<meta property=\"og:image:width\" content=\"336\" \/>\n\t<meta property=\"og:image:height\" content=\"188\" \/>\n\t<meta property=\"og:image:type\" content=\"image\/jpeg\" \/>\n<meta name=\"author\" content=\"maite\" \/>\n<meta name=\"twitter:card\" content=\"summary_large_image\" \/>\n<meta name=\"twitter:label1\" content=\"Escrito por\" \/>\n\t<meta name=\"twitter:data1\" content=\"maite\" \/>\n\t<meta name=\"twitter:label2\" content=\"Tiempo de lectura\" \/>\n\t<meta name=\"twitter:data2\" content=\"3 minutos\" \/>\n<script type=\"application\/ld+json\" class=\"yoast-schema-graph\">{\"@context\":\"https:\\\/\\\/schema.org\",\"@graph\":[{\"@type\":\"Article\",\"@id\":\"https:\\\/\\\/jaso.com\\\/elevation\\\/actualidad\\\/jaso-elevation-systems-en-el-congreso-internacional-de-energia-eolica-rewind-2022\\\/#article\",\"isPartOf\":{\"@id\":\"https:\\\/\\\/jaso.com\\\/elevation\\\/actualidad\\\/jaso-elevation-systems-en-el-congreso-internacional-de-energia-eolica-rewind-2022\\\/\"},\"author\":{\"name\":\"maite\",\"@id\":\"https:\\\/\\\/jaso.com\\\/elevation\\\/#\\\/schema\\\/person\\\/0de72f86dd60020376a9886cddafdda2\"},\"headline\":\"JASO Elevation Systems en el Congreso Internacional de Energ\u00eda E\u00f3lica RE:Wind 2022\",\"datePublished\":\"2023-12-04T06:58:40+00:00\",\"dateModified\":\"2026-02-23T12:20:16+00:00\",\"mainEntityOfPage\":{\"@id\":\"https:\\\/\\\/jaso.com\\\/elevation\\\/actualidad\\\/jaso-elevation-systems-en-el-congreso-internacional-de-energia-eolica-rewind-2022\\\/\"},\"wordCount\":580,\"publisher\":{\"@id\":\"https:\\\/\\\/jaso.com\\\/elevation\\\/#organization\"},\"image\":{\"@id\":\"https:\\\/\\\/jaso.com\\\/elevation\\\/actualidad\\\/jaso-elevation-systems-en-el-congreso-internacional-de-energia-eolica-rewind-2022\\\/#primaryimage\"},\"thumbnailUrl\":\"https:\\\/\\\/jaso.com\\\/elevation\\\/wp-content\\\/uploads\\\/2023\\\/12\\\/unnamed-1.jpg\",\"articleSection\":[\"E\u00f3lico\",\"Actualidad\"],\"inLanguage\":\"es\"},{\"@type\":\"WebPage\",\"@id\":\"https:\\\/\\\/jaso.com\\\/elevation\\\/actualidad\\\/jaso-elevation-systems-en-el-congreso-internacional-de-energia-eolica-rewind-2022\\\/\",\"url\":\"https:\\\/\\\/jaso.com\\\/elevation\\\/actualidad\\\/jaso-elevation-systems-en-el-congreso-internacional-de-energia-eolica-rewind-2022\\\/\",\"name\":\"JASO Elevation Systems en el Congreso Internacional de Energ\u00eda E\u00f3lica RE:Wind 2022 - Fabricante de sistemas de elevaci\u00f3n - JASO Elevation Systems\",\"isPartOf\":{\"@id\":\"https:\\\/\\\/jaso.com\\\/elevation\\\/#website\"},\"primaryImageOfPage\":{\"@id\":\"https:\\\/\\\/jaso.com\\\/elevation\\\/actualidad\\\/jaso-elevation-systems-en-el-congreso-internacional-de-energia-eolica-rewind-2022\\\/#primaryimage\"},\"image\":{\"@id\":\"https:\\\/\\\/jaso.com\\\/elevation\\\/actualidad\\\/jaso-elevation-systems-en-el-congreso-internacional-de-energia-eolica-rewind-2022\\\/#primaryimage\"},\"thumbnailUrl\":\"https:\\\/\\\/jaso.com\\\/elevation\\\/wp-content\\\/uploads\\\/2023\\\/12\\\/unnamed-1.jpg\",\"datePublished\":\"2023-12-04T06:58:40+00:00\",\"dateModified\":\"2026-02-23T12:20:16+00:00\",\"breadcrumb\":{\"@id\":\"https:\\\/\\\/jaso.com\\\/elevation\\\/actualidad\\\/jaso-elevation-systems-en-el-congreso-internacional-de-energia-eolica-rewind-2022\\\/#breadcrumb\"},\"inLanguage\":\"es\",\"potentialAction\":[{\"@type\":\"ReadAction\",\"target\":[\"https:\\\/\\\/jaso.com\\\/elevation\\\/actualidad\\\/jaso-elevation-systems-en-el-congreso-internacional-de-energia-eolica-rewind-2022\\\/\"]}]},{\"@type\":\"ImageObject\",\"inLanguage\":\"es\",\"@id\":\"https:\\\/\\\/jaso.com\\\/elevation\\\/actualidad\\\/jaso-elevation-systems-en-el-congreso-internacional-de-energia-eolica-rewind-2022\\\/#primaryimage\",\"url\":\"https:\\\/\\\/jaso.com\\\/elevation\\\/wp-content\\\/uploads\\\/2023\\\/12\\\/unnamed-1.jpg\",\"contentUrl\":\"https:\\\/\\\/jaso.com\\\/elevation\\\/wp-content\\\/uploads\\\/2023\\\/12\\\/unnamed-1.jpg\",\"width\":336,\"height\":188},{\"@type\":\"BreadcrumbList\",\"@id\":\"https:\\\/\\\/jaso.com\\\/elevation\\\/actualidad\\\/jaso-elevation-systems-en-el-congreso-internacional-de-energia-eolica-rewind-2022\\\/#breadcrumb\",\"itemListElement\":[{\"@type\":\"ListItem\",\"position\":1,\"name\":\"Portada\",\"item\":\"https:\\\/\\\/jaso.com\\\/elevation\\\/\"},{\"@type\":\"ListItem\",\"position\":2,\"name\":\"JASO Elevation Systems en el Congreso Internacional de Energ\u00eda E\u00f3lica RE:Wind 2022\"}]},{\"@type\":\"WebSite\",\"@id\":\"https:\\\/\\\/jaso.com\\\/elevation\\\/#website\",\"url\":\"https:\\\/\\\/jaso.com\\\/elevation\\\/\",\"name\":\"JASO Tower Cranes - Fabricantes de gr\u00faas torre\",\"description\":\"Somos un fabricante referente a nivel global. Ofrecemos una completa soluci\u00f3n de sistemas de elevaci\u00f3n..\",\"publisher\":{\"@id\":\"https:\\\/\\\/jaso.com\\\/elevation\\\/#organization\"},\"alternateName\":\"JASO Tower Cranes\",\"potentialAction\":[{\"@type\":\"SearchAction\",\"target\":{\"@type\":\"EntryPoint\",\"urlTemplate\":\"https:\\\/\\\/jaso.com\\\/elevation\\\/?s={search_term_string}\"},\"query-input\":{\"@type\":\"PropertyValueSpecification\",\"valueRequired\":true,\"valueName\":\"search_term_string\"}}],\"inLanguage\":\"es\"},{\"@type\":\"Organization\",\"@id\":\"https:\\\/\\\/jaso.com\\\/elevation\\\/#organization\",\"name\":\"JASO Tower Cranes\",\"alternateName\":\"JASO\",\"url\":\"https:\\\/\\\/jaso.com\\\/elevation\\\/\",\"logo\":{\"@type\":\"ImageObject\",\"inLanguage\":\"es\",\"@id\":\"https:\\\/\\\/jaso.com\\\/elevation\\\/#\\\/schema\\\/logo\\\/image\\\/\",\"url\":\"https:\\\/\\\/jaso.com\\\/elevation\\\/wp-content\\\/uploads\\\/2022\\\/10\\\/jaso_torre.png\",\"contentUrl\":\"https:\\\/\\\/jaso.com\\\/elevation\\\/wp-content\\\/uploads\\\/2022\\\/10\\\/jaso_torre.png\",\"width\":1200,\"height\":630,\"caption\":\"JASO Tower Cranes\"},\"image\":{\"@id\":\"https:\\\/\\\/jaso.com\\\/elevation\\\/#\\\/schema\\\/logo\\\/image\\\/\"}},{\"@type\":\"Person\",\"@id\":\"https:\\\/\\\/jaso.com\\\/elevation\\\/#\\\/schema\\\/person\\\/0de72f86dd60020376a9886cddafdda2\",\"name\":\"maite\",\"image\":{\"@type\":\"ImageObject\",\"inLanguage\":\"es\",\"@id\":\"https:\\\/\\\/secure.gravatar.com\\\/avatar\\\/d96c1e41bb3d2c2562d089bcae5b636bd403ff2c3ec88f548115cf8aade01c25?s=96&d=mm&r=g\",\"url\":\"https:\\\/\\\/secure.gravatar.com\\\/avatar\\\/d96c1e41bb3d2c2562d089bcae5b636bd403ff2c3ec88f548115cf8aade01c25?s=96&d=mm&r=g\",\"contentUrl\":\"https:\\\/\\\/secure.gravatar.com\\\/avatar\\\/d96c1e41bb3d2c2562d089bcae5b636bd403ff2c3ec88f548115cf8aade01c25?s=96&d=mm&r=g\",\"caption\":\"maite\"}}]}<\/script>\n<!-- \/ Yoast SEO plugin. -->","yoast_head_json":{"title":"JASO Elevation Systems en el Congreso Internacional de Energ\u00eda E\u00f3lica RE:Wind 2022 - Fabricante de sistemas de elevaci\u00f3n - JASO Elevation Systems","robots":{"index":"index","follow":"follow","max-snippet":"max-snippet:-1","max-image-preview":"max-image-preview:large","max-video-preview":"max-video-preview:-1"},"canonical":"https:\/\/jaso.com\/elevation\/actualidad\/jaso-elevation-systems-en-el-congreso-internacional-de-energia-eolica-rewind-2022\/","og_locale":"es_ES","og_type":"article","og_title":"JASO Elevation Systems en el Congreso Internacional de Energ\u00eda E\u00f3lica RE:Wind 2022 - Fabricante de sistemas de elevaci\u00f3n - JASO Elevation Systems","og_description":"El pasado 7 y 8 de noviembre participamos en RE:Wind 2022, un congreso que re\u00fane a los agentes m\u00e1s importantes del sector e\u00f3lico para debatir sobre el potencial futuro del mercado de las energ\u00edas limpias. Os dejamos la entrevista que le hicieron a Jorge Lucas, nuestro Sales Manager: \u00bfQu\u00e9 soluciones aporta JASO Elevation Systems a [&hellip;]","og_url":"https:\/\/jaso.com\/elevation\/actualidad\/jaso-elevation-systems-en-el-congreso-internacional-de-energia-eolica-rewind-2022\/","og_site_name":"Fabricante de sistemas de elevaci\u00f3n - JASO Elevation Systems","article_published_time":"2023-12-04T06:58:40+00:00","article_modified_time":"2026-02-23T12:20:16+00:00","og_image":[{"width":336,"height":188,"url":"https:\/\/jaso.com\/elevation\/wp-content\/uploads\/2023\/12\/unnamed-1.jpg","type":"image\/jpeg"}],"author":"maite","twitter_card":"summary_large_image","twitter_misc":{"Escrito por":"maite","Tiempo de lectura":"3 minutos"},"schema":{"@context":"https:\/\/schema.org","@graph":[{"@type":"Article","@id":"https:\/\/jaso.com\/elevation\/actualidad\/jaso-elevation-systems-en-el-congreso-internacional-de-energia-eolica-rewind-2022\/#article","isPartOf":{"@id":"https:\/\/jaso.com\/elevation\/actualidad\/jaso-elevation-systems-en-el-congreso-internacional-de-energia-eolica-rewind-2022\/"},"author":{"name":"maite","@id":"https:\/\/jaso.com\/elevation\/#\/schema\/person\/0de72f86dd60020376a9886cddafdda2"},"headline":"JASO Elevation Systems en el Congreso Internacional de Energ\u00eda E\u00f3lica RE:Wind 2022","datePublished":"2023-12-04T06:58:40+00:00","dateModified":"2026-02-23T12:20:16+00:00","mainEntityOfPage":{"@id":"https:\/\/jaso.com\/elevation\/actualidad\/jaso-elevation-systems-en-el-congreso-internacional-de-energia-eolica-rewind-2022\/"},"wordCount":580,"publisher":{"@id":"https:\/\/jaso.com\/elevation\/#organization"},"image":{"@id":"https:\/\/jaso.com\/elevation\/actualidad\/jaso-elevation-systems-en-el-congreso-internacional-de-energia-eolica-rewind-2022\/#primaryimage"},"thumbnailUrl":"https:\/\/jaso.com\/elevation\/wp-content\/uploads\/2023\/12\/unnamed-1.jpg","articleSection":["E\u00f3lico","Actualidad"],"inLanguage":"es"},{"@type":"WebPage","@id":"https:\/\/jaso.com\/elevation\/actualidad\/jaso-elevation-systems-en-el-congreso-internacional-de-energia-eolica-rewind-2022\/","url":"https:\/\/jaso.com\/elevation\/actualidad\/jaso-elevation-systems-en-el-congreso-internacional-de-energia-eolica-rewind-2022\/","name":"JASO Elevation Systems en el Congreso Internacional de Energ\u00eda E\u00f3lica RE:Wind 2022 - Fabricante de sistemas de elevaci\u00f3n - JASO Elevation Systems","isPartOf":{"@id":"https:\/\/jaso.com\/elevation\/#website"},"primaryImageOfPage":{"@id":"https:\/\/jaso.com\/elevation\/actualidad\/jaso-elevation-systems-en-el-congreso-internacional-de-energia-eolica-rewind-2022\/#primaryimage"},"image":{"@id":"https:\/\/jaso.com\/elevation\/actualidad\/jaso-elevation-systems-en-el-congreso-internacional-de-energia-eolica-rewind-2022\/#primaryimage"},"thumbnailUrl":"https:\/\/jaso.com\/elevation\/wp-content\/uploads\/2023\/12\/unnamed-1.jpg","datePublished":"2023-12-04T06:58:40+00:00","dateModified":"2026-02-23T12:20:16+00:00","breadcrumb":{"@id":"https:\/\/jaso.com\/elevation\/actualidad\/jaso-elevation-systems-en-el-congreso-internacional-de-energia-eolica-rewind-2022\/#breadcrumb"},"inLanguage":"es","potentialAction":[{"@type":"ReadAction","target":["https:\/\/jaso.com\/elevation\/actualidad\/jaso-elevation-systems-en-el-congreso-internacional-de-energia-eolica-rewind-2022\/"]}]},{"@type":"ImageObject","inLanguage":"es","@id":"https:\/\/jaso.com\/elevation\/actualidad\/jaso-elevation-systems-en-el-congreso-internacional-de-energia-eolica-rewind-2022\/#primaryimage","url":"https:\/\/jaso.com\/elevation\/wp-content\/uploads\/2023\/12\/unnamed-1.jpg","contentUrl":"https:\/\/jaso.com\/elevation\/wp-content\/uploads\/2023\/12\/unnamed-1.jpg","width":336,"height":188},{"@type":"BreadcrumbList","@id":"https:\/\/jaso.com\/elevation\/actualidad\/jaso-elevation-systems-en-el-congreso-internacional-de-energia-eolica-rewind-2022\/#breadcrumb","itemListElement":[{"@type":"ListItem","position":1,"name":"Portada","item":"https:\/\/jaso.com\/elevation\/"},{"@type":"ListItem","position":2,"name":"JASO Elevation Systems en el Congreso Internacional de Energ\u00eda E\u00f3lica RE:Wind 2022"}]},{"@type":"WebSite","@id":"https:\/\/jaso.com\/elevation\/#website","url":"https:\/\/jaso.com\/elevation\/","name":"JASO Tower Cranes - Fabricantes de gr\u00faas torre","description":"Somos un fabricante referente a nivel global. Ofrecemos una completa soluci\u00f3n de sistemas de elevaci\u00f3n..","publisher":{"@id":"https:\/\/jaso.com\/elevation\/#organization"},"alternateName":"JASO Tower Cranes","potentialAction":[{"@type":"SearchAction","target":{"@type":"EntryPoint","urlTemplate":"https:\/\/jaso.com\/elevation\/?s={search_term_string}"},"query-input":{"@type":"PropertyValueSpecification","valueRequired":true,"valueName":"search_term_string"}}],"inLanguage":"es"},{"@type":"Organization","@id":"https:\/\/jaso.com\/elevation\/#organization","name":"JASO Tower Cranes","alternateName":"JASO","url":"https:\/\/jaso.com\/elevation\/","logo":{"@type":"ImageObject","inLanguage":"es","@id":"https:\/\/jaso.com\/elevation\/#\/schema\/logo\/image\/","url":"https:\/\/jaso.com\/elevation\/wp-content\/uploads\/2022\/10\/jaso_torre.png","contentUrl":"https:\/\/jaso.com\/elevation\/wp-content\/uploads\/2022\/10\/jaso_torre.png","width":1200,"height":630,"caption":"JASO Tower Cranes"},"image":{"@id":"https:\/\/jaso.com\/elevation\/#\/schema\/logo\/image\/"}},{"@type":"Person","@id":"https:\/\/jaso.com\/elevation\/#\/schema\/person\/0de72f86dd60020376a9886cddafdda2","name":"maite","image":{"@type":"ImageObject","inLanguage":"es","@id":"https:\/\/secure.gravatar.com\/avatar\/d96c1e41bb3d2c2562d089bcae5b636bd403ff2c3ec88f548115cf8aade01c25?s=96&d=mm&r=g","url":"https:\/\/secure.gravatar.com\/avatar\/d96c1e41bb3d2c2562d089bcae5b636bd403ff2c3ec88f548115cf8aade01c25?s=96&d=mm&r=g","contentUrl":"https:\/\/secure.gravatar.com\/avatar\/d96c1e41bb3d2c2562d089bcae5b636bd403ff2c3ec88f548115cf8aade01c25?s=96&d=mm&r=g","caption":"maite"}}]}},"_links":{"self":[{"href":"https:\/\/jaso.com\/elevation\/wp-json\/wp\/v2\/posts\/4409","targetHints":{"allow":["GET"]}}],"collection":[{"href":"https:\/\/jaso.com\/elevation\/wp-json\/wp\/v2\/posts"}],"about":[{"href":"https:\/\/jaso.com\/elevation\/wp-json\/wp\/v2\/types\/post"}],"author":[{"embeddable":true,"href":"https:\/\/jaso.com\/elevation\/wp-json\/wp\/v2\/users\/12"}],"replies":[{"embeddable":true,"href":"https:\/\/jaso.com\/elevation\/wp-json\/wp\/v2\/comments?post=4409"}],"version-history":[{"count":2,"href":"https:\/\/jaso.com\/elevation\/wp-json\/wp\/v2\/posts\/4409\/revisions"}],"predecessor-version":[{"id":7480,"href":"https:\/\/jaso.com\/elevation\/wp-json\/wp\/v2\/posts\/4409\/revisions\/7480"}],"wp:featuredmedia":[{"embeddable":true,"href":"https:\/\/jaso.com\/elevation\/wp-json\/wp\/v2\/media\/4406"}],"wp:attachment":[{"href":"https:\/\/jaso.com\/elevation\/wp-json\/wp\/v2\/media?parent=4409"}],"wp:term":[{"taxonomy":"category","embeddable":true,"href":"https:\/\/jaso.com\/elevation\/wp-json\/wp\/v2\/categories?post=4409"},{"taxonomy":"post_tag","embeddable":true,"href":"https:\/\/jaso.com\/elevation\/wp-json\/wp\/v2\/tags?post=4409"}],"curies":[{"name":"wp","href":"https:\/\/api.w.org\/{rel}","templated":true}]}}